{"id":9,"count":15,"description":"Ex libris vytv\u00e1\u0159\u00edm technikou litografie \u2013 tisku z\u00a0kamene.\r\n\r\nSlovo ex libris poch\u00e1z\u00ed z\u00a0latiny a\u00a0znamen\u00e1 \"z\u00a0knih\". Jedn\u00e1 se o\u00a0mal\u00fd ozdobn\u00fd l\u00edstek, kter\u00fd krom\u011b v\u00fdtvarn\u00e9ho motivu obsahuje tak\u00e9 n\u00e1zev ex libris a\u00a0jm\u00e9no objednavatele. Ex libris se vlepovalo do knih, aby ozna\u010dovalo jejich majitele.\r\n\r\nU\u017e ve st\u0159edov\u011bku m\u011bly n\u011bkter\u00e9 kni\u017en\u00ed zna\u010dky um\u011bleckou \u00farove\u0148 (nap\u0159. Albrecht D\u00fcrer). Od konce 19. stolet\u00ed se pak kni\u017en\u00ed zna\u010dky za\u010daly pou\u017e\u00edvat nejen k ozna\u010den\u00ed vlastn\u00edka knih, ale staly se i\u00a0p\u0159edm\u011btem z\u00e1jmu sb\u011bratel\u016f.\r\n\r\nN\u00e1m\u011btov\u011b je obsah ex libris r\u016fznorod\u00fd. \u010casto jde o zobrazen\u00ed profese nebo z\u00e1jm\u016f objednatele v oblasti um\u011bn\u00ed \u010di literatury atd.\r\n\r\nTyto mal\u00e9 grafick\u00e9 tisky (v\u011bt\u0161inou do velikosti A5) si dnes vz\u00e1jemn\u011b vym\u011b\u0148uj\u00ed sb\u011bratel\u00e9 po cel\u00e9m sv\u011bt\u011b.\r\n\r\n\u010cesk\u00e9 sb\u011bratele sdru\u017euje ji\u017e od roku 1918 Spolek sb\u011bratel\u016f a\u00a0p\u0159\u00e1tel ex libris.","link":"https:\/\/www.profiportret.cz\/en\/typ-projektu\/ex-libris\/","name":"Ex\u2011libris","slug":"ex-libris","taxonomy":"typ-projektu","parent":0,"meta":[],"acf":[],"yoast_head":"<!-- This site is optimized with the Yoast SEO plugin v26.9 - https:\/\/yoast.com\/product\/yoast-seo-wordpress\/ -->\n<title>Ex\u2011libris Archivy - ProfiPortr\u00e9t<\/title>\n<meta name=\"robots\" content=\"index, follow, max-snippet:-1, max-image-preview:large, max-video-preview:-1\" \/>\n<link rel=\"canonical\" href=\"https:\/\/www.profiportret.cz\/en\/typ-projektu\/ex-libris\/\" \/>\n<meta property=\"og:locale\" content=\"en_GB\" \/>\n<meta property=\"og:type\" content=\"article\" \/>\n<meta property=\"og:title\" content=\"Ex\u2011libris Archivy - ProfiPortr\u00e9t\" \/>\n<meta property=\"og:description\" content=\"Ex libris vytv\u00e1\u0159\u00edm technikou litografie \u2013 tisku z\u00a0kamene. Slovo ex libris poch\u00e1z\u00ed z\u00a0latiny a\u00a0znamen\u00e1 &#8222;z\u00a0knih&#8220;. Jedn\u00e1 se o\u00a0mal\u00fd ozdobn\u00fd l\u00edstek, kter\u00fd krom\u011b v\u00fdtvarn\u00e9ho motivu obsahuje tak\u00e9 n\u00e1zev ex libris a\u00a0jm\u00e9no objednavatele. Ex libris se vlepovalo do knih, aby ozna\u010dovalo jejich majitele. U\u017e ve st\u0159edov\u011bku m\u011bly n\u011bkter\u00e9 kni\u017en\u00ed zna\u010dky um\u011bleckou \u00farove\u0148 (nap\u0159. Albrecht D\u00fcrer). Od konce 19. stolet\u00ed se pak kni\u017en\u00ed zna\u010dky za\u010daly pou\u017e\u00edvat nejen k ozna\u010den\u00ed vlastn\u00edka knih, ale staly se i\u00a0p\u0159edm\u011btem z\u00e1jmu sb\u011bratel\u016f. N\u00e1m\u011btov\u011b je obsah ex libris r\u016fznorod\u00fd. \u010casto jde o zobrazen\u00ed profese nebo z\u00e1jm\u016f objednatele v oblasti um\u011bn\u00ed \u010di literatury atd. Tyto mal\u00e9 grafick\u00e9 tisky (v\u011bt\u0161inou do velikosti A5) si dnes vz\u00e1jemn\u011b vym\u011b\u0148uj\u00ed sb\u011bratel\u00e9 po cel\u00e9m sv\u011bt\u011b. \u010cesk\u00e9 sb\u011bratele sdru\u017euje ji\u017e od roku 1918 Spolek sb\u011bratel\u016f a\u00a0p\u0159\u00e1tel ex libris.\" \/>\n<meta property=\"og:url\" content=\"https:\/\/www.profiportret.cz\/en\/typ-projektu\/ex-libris\/\" \/>\n<meta property=\"og:site_name\" content=\"ProfiPortr\u00e9t\" \/>\n<meta name=\"twitter:card\" content=\"summary_large_image\" \/>\n<script type=\"application\/ld+json\" class=\"yoast-schema-graph\">{\"@context\":\"https:\/\/schema.org\",\"@graph\":[{\"@type\":\"CollectionPage\",\"@id\":\"https:\/\/www.profiportret.cz\/typ-projektu\/ex-libris\/\",\"url\":\"https:\/\/www.profiportret.cz\/typ-projektu\/ex-libris\/\",\"name\":\"Ex\u2011libris Archivy - ProfiPortr\u00e9t\",\"isPartOf\":{\"@id\":\"https:\/\/www.profiportret.cz\/#website\"},\"breadcrumb\":{\"@id\":\"https:\/\/www.profiportret.cz\/typ-projektu\/ex-libris\/#breadcrumb\"},\"inLanguage\":\"en-GB\"},{\"@type\":\"BreadcrumbList\",\"@id\":\"https:\/\/www.profiportret.cz\/typ-projektu\/ex-libris\/#breadcrumb\",\"itemListElement\":[{\"@type\":\"ListItem\",\"position\":1,\"name\":\"Dom\u016f\",\"item\":\"https:\/\/www.profiportret.cz\/\"},{\"@type\":\"ListItem\",\"position\":2,\"name\":\"Ex\u2011libris\"}]},{\"@type\":\"WebSite\",\"@id\":\"https:\/\/www.profiportret.cz\/#website\",\"url\":\"https:\/\/www.profiportret.cz\/\",\"name\":\"ProfiPortr\u00e9t\",\"description\":\"\",\"publisher\":{\"@id\":\"https:\/\/www.profiportret.cz\/#\/schema\/person\/1056b1e82e010c8cb52945a855b084ae\"},\"potentialAction\":[{\"@type\":\"SearchAction\",\"target\":{\"@type\":\"EntryPoint\",\"urlTemplate\":\"https:\/\/www.profiportret.cz\/?s={search_term_string}\"},\"query-input\":{\"@type\":\"PropertyValueSpecification\",\"valueRequired\":true,\"valueName\":\"search_term_string\"}}],\"inLanguage\":\"en-GB\"},{\"@type\":[\"Person\",\"Organization\"],\"@id\":\"https:\/\/www.profiportret.cz\/#\/schema\/person\/1056b1e82e010c8cb52945a855b084ae\",\"name\":\"Veronika\",\"image\":{\"@type\":\"ImageObject\",\"inLanguage\":\"en-GB\",\"@id\":\"https:\/\/www.profiportret.cz\/#\/schema\/person\/image\/\",\"url\":\"https:\/\/secure.gravatar.com\/avatar\/8eca9da4f9d7ac48ae37db19197f9c2f0adc64e463cacc4872728095c3169925?s=96&d=mm&r=g\",\"contentUrl\":\"https:\/\/secure.gravatar.com\/avatar\/8eca9da4f9d7ac48ae37db19197f9c2f0adc64e463cacc4872728095c3169925?s=96&d=mm&r=g\",\"caption\":\"Veronika\"},\"logo\":{\"@id\":\"https:\/\/www.profiportret.cz\/#\/schema\/person\/image\/\"}}]}<\/script>\n<!-- \/ Yoast SEO plugin. -->","yoast_head_json":{"title":"Ex\u2011libris Archivy - ProfiPortr\u00e9t","robots":{"index":"index","follow":"follow","max-snippet":"max-snippet:-1","max-image-preview":"max-image-preview:large","max-video-preview":"max-video-preview:-1"},"canonical":"https:\/\/www.profiportret.cz\/en\/typ-projektu\/ex-libris\/","og_locale":"en_GB","og_type":"article","og_title":"Ex\u2011libris Archivy - ProfiPortr\u00e9t","og_description":"Ex libris vytv\u00e1\u0159\u00edm technikou litografie \u2013 tisku z\u00a0kamene. Slovo ex libris poch\u00e1z\u00ed z\u00a0latiny a\u00a0znamen\u00e1 &#8222;z\u00a0knih&#8220;. Jedn\u00e1 se o\u00a0mal\u00fd ozdobn\u00fd l\u00edstek, kter\u00fd krom\u011b v\u00fdtvarn\u00e9ho motivu obsahuje tak\u00e9 n\u00e1zev ex libris a\u00a0jm\u00e9no objednavatele. Ex libris se vlepovalo do knih, aby ozna\u010dovalo jejich majitele. U\u017e ve st\u0159edov\u011bku m\u011bly n\u011bkter\u00e9 kni\u017en\u00ed zna\u010dky um\u011bleckou \u00farove\u0148 (nap\u0159. Albrecht D\u00fcrer). Od konce 19. stolet\u00ed se pak kni\u017en\u00ed zna\u010dky za\u010daly pou\u017e\u00edvat nejen k ozna\u010den\u00ed vlastn\u00edka knih, ale staly se i\u00a0p\u0159edm\u011btem z\u00e1jmu sb\u011bratel\u016f. N\u00e1m\u011btov\u011b je obsah ex libris r\u016fznorod\u00fd. \u010casto jde o zobrazen\u00ed profese nebo z\u00e1jm\u016f objednatele v oblasti um\u011bn\u00ed \u010di literatury atd. Tyto mal\u00e9 grafick\u00e9 tisky (v\u011bt\u0161inou do velikosti A5) si dnes vz\u00e1jemn\u011b vym\u011b\u0148uj\u00ed sb\u011bratel\u00e9 po cel\u00e9m sv\u011bt\u011b. \u010cesk\u00e9 sb\u011bratele sdru\u017euje ji\u017e od roku 1918 Spolek sb\u011bratel\u016f a\u00a0p\u0159\u00e1tel ex libris.","og_url":"https:\/\/www.profiportret.cz\/en\/typ-projektu\/ex-libris\/","og_site_name":"ProfiPortr\u00e9t","twitter_card":"summary_large_image","schema":{"@context":"https:\/\/schema.org","@graph":[{"@type":"CollectionPage","@id":"https:\/\/www.profiportret.cz\/typ-projektu\/ex-libris\/","url":"https:\/\/www.profiportret.cz\/typ-projektu\/ex-libris\/","name":"Ex\u2011libris Archivy - ProfiPortr\u00e9t","isPartOf":{"@id":"https:\/\/www.profiportret.cz\/#website"},"breadcrumb":{"@id":"https:\/\/www.profiportret.cz\/typ-projektu\/ex-libris\/#breadcrumb"},"inLanguage":"en-GB"},{"@type":"BreadcrumbList","@id":"https:\/\/www.profiportret.cz\/typ-projektu\/ex-libris\/#breadcrumb","itemListElement":[{"@type":"ListItem","position":1,"name":"Dom\u016f","item":"https:\/\/www.profiportret.cz\/"},{"@type":"ListItem","position":2,"name":"Ex\u2011libris"}]},{"@type":"WebSite","@id":"https:\/\/www.profiportret.cz\/#website","url":"https:\/\/www.profiportret.cz\/","name":"ProfiPortr\u00e9t","description":"","publisher":{"@id":"https:\/\/www.profiportret.cz\/#\/schema\/person\/1056b1e82e010c8cb52945a855b084ae"},"potentialAction":[{"@type":"SearchAction","target":{"@type":"EntryPoint","urlTemplate":"https:\/\/www.profiportret.cz\/?s={search_term_string}"},"query-input":{"@type":"PropertyValueSpecification","valueRequired":true,"valueName":"search_term_string"}}],"inLanguage":"en-GB"},{"@type":["Person","Organization"],"@id":"https:\/\/www.profiportret.cz\/#\/schema\/person\/1056b1e82e010c8cb52945a855b084ae","name":"Veronika","image":{"@type":"ImageObject","inLanguage":"en-GB","@id":"https:\/\/www.profiportret.cz\/#\/schema\/person\/image\/","url":"https:\/\/secure.gravatar.com\/avatar\/8eca9da4f9d7ac48ae37db19197f9c2f0adc64e463cacc4872728095c3169925?s=96&d=mm&r=g","contentUrl":"https:\/\/secure.gravatar.com\/avatar\/8eca9da4f9d7ac48ae37db19197f9c2f0adc64e463cacc4872728095c3169925?s=96&d=mm&r=g","caption":"Veronika"},"logo":{"@id":"https:\/\/www.profiportret.cz\/#\/schema\/person\/image\/"}}]}},"_links":{"self":[{"href":"https:\/\/www.profiportret.cz\/en\/wp-json\/wp\/v2\/typ-projektu\/9","targetHints":{"allow":["GET"]}}],"collection":[{"href":"https:\/\/www.profiportret.cz\/en\/wp-json\/wp\/v2\/typ-projektu"}],"about":[{"href":"https:\/\/www.profiportret.cz\/en\/wp-json\/wp\/v2\/taxonomies\/typ-projektu"}],"wp:post_type":[{"href":"https:\/\/www.profiportret.cz\/en\/wp-json\/wp\/v2\/projekt?typ-projektu=9"}],"curies":[{"name":"wp","href":"https:\/\/api.w.org\/{rel}","templated":true}]}}