{"id":435,"date":"2026-01-17T20:58:10","date_gmt":"2026-01-17T20:58:10","guid":{"rendered":"https:\/\/www.profiportret.cz\/?p=435"},"modified":"2026-02-12T14:52:59","modified_gmt":"2026-02-12T14:52:59","slug":"test-2","status":"publish","type":"post","link":"https:\/\/www.profiportret.cz\/en\/test-2\/","title":{"rendered":"Mal\u00ed\u0159sk\u00e9 sympozium"},"content":{"rendered":"<p>Mil\u00ed p\u0159\u00e1tel\u00e9, <br>srde\u010dn\u011b v\u00e1s zvu k&nbsp;n\u00e1v\u0161t\u011bv\u011b 4.&nbsp;mal\u00ed\u0159sk\u00e9ho sympozia na z\u00e1mku v&nbsp;B\u011bl\u00e9 pod Bezd\u011bzem v srpnu 2026. <\/p>\n\n\n\n<p>Obrazy vytvo\u0159en\u00e9 b\u011bhem jednoho dne budou vydra\u017eeny v aukci, jej\u00ed\u017e v\u00fdt\u011b\u017eek je tradi\u010dn\u011b v\u011bnov\u00e1n na obnovu z\u00e1mku. P\u0159esn\u00e9 datum kon\u00e1n\u00ed sympozia bude dopln\u011bno pozd\u011bji.<br>T\u011b\u0161\u00edme se na v\u00e1s!<\/p>\n\n\n\n<figure class=\"wp-block-image size-large\"><img loading=\"lazy\" decoding=\"async\" width=\"1280\" height=\"869\" src=\"https:\/\/www.profiportret.cz\/wp-content\/uploads\/2023\/07\/572042635_1391482696315783_5703240562754161343_n-1280x869.jpg\" alt=\"\" class=\"wp-image-517\" srcset=\"https:\/\/www.profiportret.cz\/wp-content\/uploads\/2023\/07\/572042635_1391482696315783_5703240562754161343_n-1280x869.jpg 1280w, https:\/\/www.profiportret.cz\/wp-content\/uploads\/2023\/07\/572042635_1391482696315783_5703240562754161343_n-600x408.jpg 600w, https:\/\/www.profiportret.cz\/wp-content\/uploads\/2023\/07\/572042635_1391482696315783_5703240562754161343_n-768x522.jpg 768w, https:\/\/www.profiportret.cz\/wp-content\/uploads\/2023\/07\/572042635_1391482696315783_5703240562754161343_n-1536x1043.jpg 1536w, https:\/\/www.profiportret.cz\/wp-content\/uploads\/2023\/07\/572042635_1391482696315783_5703240562754161343_n-18x12.jpg 18w, https:\/\/www.profiportret.cz\/wp-content\/uploads\/2023\/07\/572042635_1391482696315783_5703240562754161343_n.jpg 2048w\" sizes=\"auto, (max-width: 1280px) 100vw, 1280px\" \/><\/figure>\n\n\n\n<figure class=\"wp-block-image size-large\"><img loading=\"lazy\" decoding=\"async\" width=\"1280\" height=\"960\" src=\"https:\/\/www.profiportret.cz\/wp-content\/uploads\/2023\/07\/20240819_191900000_iOS-7-1-1280x960.jpg\" alt=\"\" class=\"wp-image-519\" srcset=\"https:\/\/www.profiportret.cz\/wp-content\/uploads\/2023\/07\/20240819_191900000_iOS-7-1-1280x960.jpg 1280w, https:\/\/www.profiportret.cz\/wp-content\/uploads\/2023\/07\/20240819_191900000_iOS-7-1-600x450.jpg 600w, https:\/\/www.profiportret.cz\/wp-content\/uploads\/2023\/07\/20240819_191900000_iOS-7-1-768x576.jpg 768w, https:\/\/www.profiportret.cz\/wp-content\/uploads\/2023\/07\/20240819_191900000_iOS-7-1-1536x1152.jpg 1536w, https:\/\/www.profiportret.cz\/wp-content\/uploads\/2023\/07\/20240819_191900000_iOS-7-1-16x12.jpg 16w, https:\/\/www.profiportret.cz\/wp-content\/uploads\/2023\/07\/20240819_191900000_iOS-7-1.jpg 2048w\" sizes=\"auto, (max-width: 1280px) 100vw, 1280px\" \/><\/figure>","protected":false},"excerpt":{"rendered":"<p>Mil\u00ed p\u0159\u00e1tel\u00e9, srde\u010dn\u011b v\u00e1s zvu k&nbsp;n\u00e1v\u0161t\u011bv\u011b 4.&nbsp;mal\u00ed\u0159sk\u00e9ho sympozia na z\u00e1mku v&nbsp;B\u011bl\u00e9 pod Bezd\u011bzem v srpnu 2026. Obrazy vytvo\u0159en\u00e9 b\u011bhem jednoho dne budou vydra\u017eeny v aukci, jej\u00ed\u017e v\u00fdt\u011b\u017eek je tradi\u010dn\u011b v\u011bnov\u00e1n<\/p>\n<p class=\"more-link\"><a href=\"https:\/\/www.profiportret.cz\/en\/test-2\/\" class=\"readmore\">Read more...<span class=\"screen-reader-text\">Mal\u00ed\u0159sk\u00e9 sympozium<\/span><\/a><\/p>","protected":false},"author":1,"featured_media":511,"comment_status":"open","ping_status":"open","sticky":false,"template":"","format":"standard","meta":{"_acf_changed":false,"footnotes":""},"categories":[1],"tags":[],"class_list":["post-435","post","type-post","status-publish","format-standard","has-post-thumbnail","hentry","category-uncategorized"],"acf":[],"yoast_head":"<!-- This site is optimized with the Yoast SEO plugin v26.9 - https:\/\/yoast.com\/product\/yoast-seo-wordpress\/ -->\n<title>Mal\u00ed\u0159sk\u00e9 sympozium - ProfiPortr\u00e9t<\/title>\n<meta name=\"robots\" content=\"index, follow, max-snippet:-1, max-image-preview:large, max-video-preview:-1\" \/>\n<link rel=\"canonical\" href=\"https:\/\/www.profiportret.cz\/en\/test-2\/\" \/>\n<meta property=\"og:locale\" content=\"en_GB\" \/>\n<meta property=\"og:type\" content=\"article\" \/>\n<meta property=\"og:title\" content=\"Mal\u00ed\u0159sk\u00e9 sympozium - ProfiPortr\u00e9t\" \/>\n<meta property=\"og:description\" content=\"Mil\u00ed p\u0159\u00e1tel\u00e9, srde\u010dn\u011b v\u00e1s zvu k&nbsp;n\u00e1v\u0161t\u011bv\u011b 4.&nbsp;mal\u00ed\u0159sk\u00e9ho sympozia na z\u00e1mku v&nbsp;B\u011bl\u00e9 pod Bezd\u011bzem v srpnu 2026. Obrazy vytvo\u0159en\u00e9 b\u011bhem jednoho dne budou vydra\u017eeny v aukci, jej\u00ed\u017e v\u00fdt\u011b\u017eek je tradi\u010dn\u011b v\u011bnov\u00e1n\u010c\u00edst d\u00e1le...Mal\u00ed\u0159sk\u00e9 sympozium\" \/>\n<meta property=\"og:url\" content=\"https:\/\/www.profiportret.cz\/en\/test-2\/\" \/>\n<meta property=\"og:site_name\" content=\"ProfiPortr\u00e9t\" \/>\n<meta property=\"article:published_time\" content=\"2026-01-17T20:58:10+00:00\" \/>\n<meta property=\"article:modified_time\" content=\"2026-02-12T14:52:59+00:00\" \/>\n<meta property=\"og:image\" content=\"https:\/\/www.profiportret.cz\/wp-content\/uploads\/2026\/01\/20240819_191900000_iOS-7.jpg\" \/>\n\t<meta property=\"og:image:width\" content=\"2048\" \/>\n\t<meta property=\"og:image:height\" content=\"1536\" \/>\n\t<meta property=\"og:image:type\" content=\"image\/jpeg\" \/>\n<meta name=\"author\" content=\"admin\" \/>\n<meta name=\"twitter:card\" content=\"summary_large_image\" \/>\n<meta name=\"twitter:label1\" content=\"Written by\" \/>\n\t<meta name=\"twitter:data1\" content=\"admin\" \/>\n\t<meta name=\"twitter:label2\" content=\"Estimated reading time\" \/>\n\t<meta name=\"twitter:data2\" content=\"1 minute\" \/>\n<script type=\"application\/ld+json\" class=\"yoast-schema-graph\">{\"@context\":\"https:\/\/schema.org\",\"@graph\":[{\"@type\":\"Article\",\"@id\":\"https:\/\/www.profiportret.cz\/test-2\/#article\",\"isPartOf\":{\"@id\":\"https:\/\/www.profiportret.cz\/test-2\/\"},\"author\":{\"name\":\"admin\",\"@id\":\"https:\/\/www.profiportret.cz\/#\/schema\/person\/d38faf34c6d766d7b91fcbfdcac2d16a\"},\"headline\":\"Mal\u00ed\u0159sk\u00e9 sympozium\",\"datePublished\":\"2026-01-17T20:58:10+00:00\",\"dateModified\":\"2026-02-12T14:52:59+00:00\",\"mainEntityOfPage\":{\"@id\":\"https:\/\/www.profiportret.cz\/test-2\/\"},\"wordCount\":77,\"commentCount\":0,\"publisher\":{\"@id\":\"https:\/\/www.profiportret.cz\/#\/schema\/person\/1056b1e82e010c8cb52945a855b084ae\"},\"image\":{\"@id\":\"https:\/\/www.profiportret.cz\/test-2\/#primaryimage\"},\"thumbnailUrl\":\"https:\/\/www.profiportret.cz\/wp-content\/uploads\/2026\/01\/20240819_191900000_iOS-7.jpg\",\"articleSection\":[\"Uncategorized\"],\"inLanguage\":\"en-GB\",\"potentialAction\":[{\"@type\":\"CommentAction\",\"name\":\"Comment\",\"target\":[\"https:\/\/www.profiportret.cz\/test-2\/#respond\"]}]},{\"@type\":\"WebPage\",\"@id\":\"https:\/\/www.profiportret.cz\/test-2\/\",\"url\":\"https:\/\/www.profiportret.cz\/test-2\/\",\"name\":\"Mal\u00ed\u0159sk\u00e9 sympozium - ProfiPortr\u00e9t\",\"isPartOf\":{\"@id\":\"https:\/\/www.profiportret.cz\/#website\"},\"primaryImageOfPage\":{\"@id\":\"https:\/\/www.profiportret.cz\/test-2\/#primaryimage\"},\"image\":{\"@id\":\"https:\/\/www.profiportret.cz\/test-2\/#primaryimage\"},\"thumbnailUrl\":\"https:\/\/www.profiportret.cz\/wp-content\/uploads\/2026\/01\/20240819_191900000_iOS-7.jpg\",\"datePublished\":\"2026-01-17T20:58:10+00:00\",\"dateModified\":\"2026-02-12T14:52:59+00:00\",\"breadcrumb\":{\"@id\":\"https:\/\/www.profiportret.cz\/test-2\/#breadcrumb\"},\"inLanguage\":\"en-GB\",\"potentialAction\":[{\"@type\":\"ReadAction\",\"target\":[\"https:\/\/www.profiportret.cz\/test-2\/\"]}]},{\"@type\":\"ImageObject\",\"inLanguage\":\"en-GB\",\"@id\":\"https:\/\/www.profiportret.cz\/test-2\/#primaryimage\",\"url\":\"https:\/\/www.profiportret.cz\/wp-content\/uploads\/2026\/01\/20240819_191900000_iOS-7.jpg\",\"contentUrl\":\"https:\/\/www.profiportret.cz\/wp-content\/uploads\/2026\/01\/20240819_191900000_iOS-7.jpg\",\"width\":2048,\"height\":1536},{\"@type\":\"BreadcrumbList\",\"@id\":\"https:\/\/www.profiportret.cz\/test-2\/#breadcrumb\",\"itemListElement\":[{\"@type\":\"ListItem\",\"position\":1,\"name\":\"Dom\u016f\",\"item\":\"https:\/\/www.profiportret.cz\/\"},{\"@type\":\"ListItem\",\"position\":2,\"name\":\"Mal\u00ed\u0159sk\u00e9 sympozium\"}]},{\"@type\":\"WebSite\",\"@id\":\"https:\/\/www.profiportret.cz\/#website\",\"url\":\"https:\/\/www.profiportret.cz\/\",\"name\":\"ProfiPortr\u00e9t\",\"description\":\"\",\"publisher\":{\"@id\":\"https:\/\/www.profiportret.cz\/#\/schema\/person\/1056b1e82e010c8cb52945a855b084ae\"},\"potentialAction\":[{\"@type\":\"SearchAction\",\"target\":{\"@type\":\"EntryPoint\",\"urlTemplate\":\"https:\/\/www.profiportret.cz\/?s={search_term_string}\"},\"query-input\":{\"@type\":\"PropertyValueSpecification\",\"valueRequired\":true,\"valueName\":\"search_term_string\"}}],\"inLanguage\":\"en-GB\"},{\"@type\":[\"Person\",\"Organization\"],\"@id\":\"https:\/\/www.profiportret.cz\/#\/schema\/person\/1056b1e82e010c8cb52945a855b084ae\",\"name\":\"Veronika\",\"image\":{\"@type\":\"ImageObject\",\"inLanguage\":\"en-GB\",\"@id\":\"https:\/\/www.profiportret.cz\/#\/schema\/person\/image\/\",\"url\":\"https:\/\/secure.gravatar.com\/avatar\/8eca9da4f9d7ac48ae37db19197f9c2f0adc64e463cacc4872728095c3169925?s=96&d=mm&r=g\",\"contentUrl\":\"https:\/\/secure.gravatar.com\/avatar\/8eca9da4f9d7ac48ae37db19197f9c2f0adc64e463cacc4872728095c3169925?s=96&d=mm&r=g\",\"caption\":\"Veronika\"},\"logo\":{\"@id\":\"https:\/\/www.profiportret.cz\/#\/schema\/person\/image\/\"}},{\"@type\":\"Person\",\"@id\":\"https:\/\/www.profiportret.cz\/#\/schema\/person\/d38faf34c6d766d7b91fcbfdcac2d16a\",\"name\":\"admin\",\"image\":{\"@type\":\"ImageObject\",\"inLanguage\":\"en-GB\",\"@id\":\"https:\/\/www.profiportret.cz\/#\/schema\/person\/image\/\",\"url\":\"https:\/\/secure.gravatar.com\/avatar\/9216b854b3d63541f8971a5edbaae8042fc263e2f1e146d7afdd97d60e7c2132?s=96&d=mm&r=g\",\"contentUrl\":\"https:\/\/secure.gravatar.com\/avatar\/9216b854b3d63541f8971a5edbaae8042fc263e2f1e146d7afdd97d60e7c2132?s=96&d=mm&r=g\",\"caption\":\"admin\"},\"sameAs\":[\"https:\/\/www.profiportret.cz\"],\"url\":\"https:\/\/www.profiportret.cz\/en\/author\/admin\/\"}]}<\/script>\n<!-- \/ Yoast SEO plugin. -->","yoast_head_json":{"title":"Mal\u00ed\u0159sk\u00e9 sympozium - ProfiPortr\u00e9t","robots":{"index":"index","follow":"follow","max-snippet":"max-snippet:-1","max-image-preview":"max-image-preview:large","max-video-preview":"max-video-preview:-1"},"canonical":"https:\/\/www.profiportret.cz\/en\/test-2\/","og_locale":"en_GB","og_type":"article","og_title":"Mal\u00ed\u0159sk\u00e9 sympozium - ProfiPortr\u00e9t","og_description":"Mil\u00ed p\u0159\u00e1tel\u00e9, srde\u010dn\u011b v\u00e1s zvu k&nbsp;n\u00e1v\u0161t\u011bv\u011b 4.&nbsp;mal\u00ed\u0159sk\u00e9ho sympozia na z\u00e1mku v&nbsp;B\u011bl\u00e9 pod Bezd\u011bzem v srpnu 2026. Obrazy vytvo\u0159en\u00e9 b\u011bhem jednoho dne budou vydra\u017eeny v aukci, jej\u00ed\u017e v\u00fdt\u011b\u017eek je tradi\u010dn\u011b v\u011bnov\u00e1n\u010c\u00edst d\u00e1le...Mal\u00ed\u0159sk\u00e9 sympozium","og_url":"https:\/\/www.profiportret.cz\/en\/test-2\/","og_site_name":"ProfiPortr\u00e9t","article_published_time":"2026-01-17T20:58:10+00:00","article_modified_time":"2026-02-12T14:52:59+00:00","og_image":[{"width":2048,"height":1536,"url":"https:\/\/www.profiportret.cz\/wp-content\/uploads\/2026\/01\/20240819_191900000_iOS-7.jpg","type":"image\/jpeg"}],"author":"admin","twitter_card":"summary_large_image","twitter_misc":{"Written by":"admin","Estimated reading time":"1 minute"},"schema":{"@context":"https:\/\/schema.org","@graph":[{"@type":"Article","@id":"https:\/\/www.profiportret.cz\/test-2\/#article","isPartOf":{"@id":"https:\/\/www.profiportret.cz\/test-2\/"},"author":{"name":"admin","@id":"https:\/\/www.profiportret.cz\/#\/schema\/person\/d38faf34c6d766d7b91fcbfdcac2d16a"},"headline":"Mal\u00ed\u0159sk\u00e9 sympozium","datePublished":"2026-01-17T20:58:10+00:00","dateModified":"2026-02-12T14:52:59+00:00","mainEntityOfPage":{"@id":"https:\/\/www.profiportret.cz\/test-2\/"},"wordCount":77,"commentCount":0,"publisher":{"@id":"https:\/\/www.profiportret.cz\/#\/schema\/person\/1056b1e82e010c8cb52945a855b084ae"},"image":{"@id":"https:\/\/www.profiportret.cz\/test-2\/#primaryimage"},"thumbnailUrl":"https:\/\/www.profiportret.cz\/wp-content\/uploads\/2026\/01\/20240819_191900000_iOS-7.jpg","articleSection":["Uncategorized"],"inLanguage":"en-GB","potentialAction":[{"@type":"CommentAction","name":"Comment","target":["https:\/\/www.profiportret.cz\/test-2\/#respond"]}]},{"@type":"WebPage","@id":"https:\/\/www.profiportret.cz\/test-2\/","url":"https:\/\/www.profiportret.cz\/test-2\/","name":"Mal\u00ed\u0159sk\u00e9 sympozium - ProfiPortr\u00e9t","isPartOf":{"@id":"https:\/\/www.profiportret.cz\/#website"},"primaryImageOfPage":{"@id":"https:\/\/www.profiportret.cz\/test-2\/#primaryimage"},"image":{"@id":"https:\/\/www.profiportret.cz\/test-2\/#primaryimage"},"thumbnailUrl":"https:\/\/www.profiportret.cz\/wp-content\/uploads\/2026\/01\/20240819_191900000_iOS-7.jpg","datePublished":"2026-01-17T20:58:10+00:00","dateModified":"2026-02-12T14:52:59+00:00","breadcrumb":{"@id":"https:\/\/www.profiportret.cz\/test-2\/#breadcrumb"},"inLanguage":"en-GB","potentialAction":[{"@type":"ReadAction","target":["https:\/\/www.profiportret.cz\/test-2\/"]}]},{"@type":"ImageObject","inLanguage":"en-GB","@id":"https:\/\/www.profiportret.cz\/test-2\/#primaryimage","url":"https:\/\/www.profiportret.cz\/wp-content\/uploads\/2026\/01\/20240819_191900000_iOS-7.jpg","contentUrl":"https:\/\/www.profiportret.cz\/wp-content\/uploads\/2026\/01\/20240819_191900000_iOS-7.jpg","width":2048,"height":1536},{"@type":"BreadcrumbList","@id":"https:\/\/www.profiportret.cz\/test-2\/#breadcrumb","itemListElement":[{"@type":"ListItem","position":1,"name":"Dom\u016f","item":"https:\/\/www.profiportret.cz\/"},{"@type":"ListItem","position":2,"name":"Mal\u00ed\u0159sk\u00e9 sympozium"}]},{"@type":"WebSite","@id":"https:\/\/www.profiportret.cz\/#website","url":"https:\/\/www.profiportret.cz\/","name":"ProfiPortr\u00e9t","description":"","publisher":{"@id":"https:\/\/www.profiportret.cz\/#\/schema\/person\/1056b1e82e010c8cb52945a855b084ae"},"potentialAction":[{"@type":"SearchAction","target":{"@type":"EntryPoint","urlTemplate":"https:\/\/www.profiportret.cz\/?s={search_term_string}"},"query-input":{"@type":"PropertyValueSpecification","valueRequired":true,"valueName":"search_term_string"}}],"inLanguage":"en-GB"},{"@type":["Person","Organization"],"@id":"https:\/\/www.profiportret.cz\/#\/schema\/person\/1056b1e82e010c8cb52945a855b084ae","name":"Veronika","image":{"@type":"ImageObject","inLanguage":"en-GB","@id":"https:\/\/www.profiportret.cz\/#\/schema\/person\/image\/","url":"https:\/\/secure.gravatar.com\/avatar\/8eca9da4f9d7ac48ae37db19197f9c2f0adc64e463cacc4872728095c3169925?s=96&d=mm&r=g","contentUrl":"https:\/\/secure.gravatar.com\/avatar\/8eca9da4f9d7ac48ae37db19197f9c2f0adc64e463cacc4872728095c3169925?s=96&d=mm&r=g","caption":"Veronika"},"logo":{"@id":"https:\/\/www.profiportret.cz\/#\/schema\/person\/image\/"}},{"@type":"Person","@id":"https:\/\/www.profiportret.cz\/#\/schema\/person\/d38faf34c6d766d7b91fcbfdcac2d16a","name":"admin","image":{"@type":"ImageObject","inLanguage":"en-GB","@id":"https:\/\/www.profiportret.cz\/#\/schema\/person\/image\/","url":"https:\/\/secure.gravatar.com\/avatar\/9216b854b3d63541f8971a5edbaae8042fc263e2f1e146d7afdd97d60e7c2132?s=96&d=mm&r=g","contentUrl":"https:\/\/secure.gravatar.com\/avatar\/9216b854b3d63541f8971a5edbaae8042fc263e2f1e146d7afdd97d60e7c2132?s=96&d=mm&r=g","caption":"admin"},"sameAs":["https:\/\/www.profiportret.cz"],"url":"https:\/\/www.profiportret.cz\/en\/author\/admin\/"}]}},"_links":{"self":[{"href":"https:\/\/www.profiportret.cz\/en\/wp-json\/wp\/v2\/posts\/435","targetHints":{"allow":["GET"]}}],"collection":[{"href":"https:\/\/www.profiportret.cz\/en\/wp-json\/wp\/v2\/posts"}],"about":[{"href":"https:\/\/www.profiportret.cz\/en\/wp-json\/wp\/v2\/types\/post"}],"author":[{"embeddable":true,"href":"https:\/\/www.profiportret.cz\/en\/wp-json\/wp\/v2\/users\/1"}],"replies":[{"embeddable":true,"href":"https:\/\/www.profiportret.cz\/en\/wp-json\/wp\/v2\/comments?post=435"}],"version-history":[{"count":15,"href":"https:\/\/www.profiportret.cz\/en\/wp-json\/wp\/v2\/posts\/435\/revisions"}],"predecessor-version":[{"id":520,"href":"https:\/\/www.profiportret.cz\/en\/wp-json\/wp\/v2\/posts\/435\/revisions\/520"}],"wp:featuredmedia":[{"embeddable":true,"href":"https:\/\/www.profiportret.cz\/en\/wp-json\/wp\/v2\/media\/511"}],"wp:attachment":[{"href":"https:\/\/www.profiportret.cz\/en\/wp-json\/wp\/v2\/media?parent=435"}],"wp:term":[{"taxonomy":"category","embeddable":true,"href":"https:\/\/www.profiportret.cz\/en\/wp-json\/wp\/v2\/categories?post=435"},{"taxonomy":"post_tag","embeddable":true,"href":"https:\/\/www.profiportret.cz\/en\/wp-json\/wp\/v2\/tags?post=435"}],"curies":[{"name":"wp","href":"https:\/\/api.w.org\/{rel}","templated":true}]}}